{"id":1249,"date":"2022-12-22T19:25:43","date_gmt":"2022-12-22T19:25:43","guid":{"rendered":"https:\/\/revitalization.localdevelopment.eu\/?p=1249"},"modified":"2022-12-29T19:26:29","modified_gmt":"2022-12-29T19:26:29","slug":"conferinta-internationala-stiintifica-si-practica-intitulata-rolul-administratiei-publice-in-gestionarea-revitalizarii-urbane-experientele-poloniei-si-moldovei","status":"publish","type":"post","link":"https:\/\/revitalization.localdevelopment.eu\/?p=1249&lang=ro","title":{"rendered":"Conferin\u021b\u0103 interna\u021bional\u0103 \u0219tiin\u021bific\u0103 \u0219i practic\u0103 intitulat\u0103 \u201eRolul administra\u021biei publice \u00een gestionarea revitaliz\u0103rii urbane. Experien\u021bele Poloniei \u0219i Moldovei\u201d"},"content":{"rendered":"<p>Pe 16 decembrie 2022, o conferin\u021b\u0103 interna\u021bional\u0103 \u0219tiin\u021bific\u0103 \u0219i practic\u0103 intitulat\u0103 \u201eRolul administra\u021biei publice \u00een gestionarea revitaliz\u0103rii urbane. Experien\u021bele Poloniei \u0219i Moldovei\u201d. Conferin\u021ba s-a desf\u0103\u0219urat sub patronajul onorific al rectorului UMCS prof. dr hab. Radoslaw Dobrowolski. Patronajul media a fost asigurat de TV 3 Lublin \u0219i Radio Lublin. Conferin\u021ba s-a desf\u0103\u0219urat \u00een paralel \u00een form\u0103 sta\u021bionar\u0103 la Institutul de \u0218tiin\u021be Politice \u0219i Administra\u021bie al Facult\u0103\u021bii de \u0218tiin\u021be Politice \u0219i Jurnalism a Universit\u0103\u021bii Maria Curie-Sk\u0142odowska (Lublin, Polonia) \u0219i \u00een Institutul Muncii (Chi\u0219in\u0103u, Moldova) \u0219i \u00een form\u0103 la distan\u021b\u0103. .<\/p>\n<p>Cuv\u00e2ntul de bun venit pentru participan\u021bii \u0219i oaspe\u021bii conferin\u021bei a fost adresat de Prof. dr hab. Marek Pietra\u015b, Director al Institutului de \u0218tiin\u021be Politice \u0219i Administra\u021bie al Facult\u0103\u021bii de \u0218tiin\u021be Politice \u0219i Jurnalism a Universit\u0103\u021bii Maria Curie-Sk\u0142odowska, dr. hab. Wojciech Zi\u0119tara, prof. UMCS, Decan al Facult\u0103\u021bii de \u0218tiin\u021be Politice \u0219i Jurnalism, Grzegorz Pragert, Consilier, Departamentul Programe de Ajutor, Ministerul Fondurilor \u0219i Politicii Regionale; Zbigniew Wojciechowski, Mare\u0219al adjunct al Voievodatului Lubelskie; dr hab. Beata Surmacz, prof. UMCS, Directorul Institutului Europei Centrale, Alexandru Bujorean, Primarul Prim\u0103riei Municipiului Leova, \u0219i dr. hab. Mariusz Sienkiewicz, prof. UMCS, Pre\u0219edinte al Funda\u021biei Centrul pentru Dezvoltare Local\u0103 \u0219i Coordonator de proiect. Felicit\u0103ri pentru organizarea conferin\u021bei \u0219i ur\u0103ri de deliber\u0103ri fructuoase au fost transmise de Excelen\u021ba Sa Tomasz Kobzdej \u2013 Ambasadorul Poloniei \u00een Republica Moldova \u0219i prof. dr hab. Zbigniew Pastuszak, prorector pentru dezvoltare \u0219i cooperare cu mediul economic UMCS.<\/p>\n<p>Mai departe, prof. dr hab. Walenty Baluk, Directorul Centrului UMCS pentru Europa de Est, a sus\u021binut o prelegere introductiv\u0103 intitulat\u0103 \u201eCentralizarea vs. descentralizare \u00een zona fostei URSS \u00een condi\u021biile r\u0103zboiului ruso-ucrainean. Probleme alese\u201d.<\/p>\n<p>Dr. hab. Mariusz Sienkiewicz, prof. UMCS, coordonatorul proiectului, a prezentat proiectul \u201eLeova noastr\u0103\u201d. Efecte implementarea unui model de management participativ al revitaliz\u0103rii ora\u0219ului Leova \u00een Moldova.<\/p>\n<p>Apoi, vorbitorii au sus\u021binut discursuri \u00een dou\u0103 panouri. Prima, moderat\u0103 de dr hab. Katarzyna Ku\u0107 \u2013 Czajkowska, a fost dedicat\u0103 problemelor legate de rolul administra\u021biei publice \u00een procesul de implementare a schimb\u0103rilor legate de revitalizarea zonei. Au participat: Serghei Severin, Fondul de Solidaritate \u00een Moldova, Rolul Fondului de Solidaritate \u00een procesul de formare a sistemului de revitalizare urban\u0103 din Moldova, Dr. Izabela Rudzka, \u0218coala de Economie din Var\u0219ovia \u2013 Model de Revitalizare Strategic\u0103, Dr Kamil Glinka, Universitatea din Wroc\u0142aw \u2013 Revitalizare urban\u0103? Parlamentul European c\u0103tre Agenda Urban\u0103 pentru UE, Ewelina Mako\u015b, MA, UMCS \u2013 Probleme ale procesului de revitalizare a ora\u0219elor poloneze \u00een contextul digitiz\u0103rii \u0219i informatiz\u0103rii societ\u0103\u021bii, dr Agnieszka Zi\u0119tek, UMCS \u2013 Revitalizarea socializat\u0103 \u2013 realitate sau ac\u021biune aparent\u0103?.<\/p>\n<p>Al doilea panel, moderat de dr. Marta Drabczuk, a vizat experien\u021bele de revitalizare a ora\u0219elor din Polonia \u0219i Moldova \u00een contextul oportunit\u0103\u021bilor \u0219i provoc\u0103rilor de viitor. Experien\u021bele practice ale activit\u0103\u021bilor de revitalizare, \u021bin\u00e2nd cont de includerea comunit\u0103\u021bii locale \u0219i a organiza\u021biilor neguvernamentale \u0219i a rezultatelor cercet\u0103rii \u0219tiin\u021bifice au fost \u00eemp\u0103rt\u0103\u0219ite cu participan\u021bii: Grzegorz Pragert, Ministerul Fondurilor \u0219i Politicii Regionale \u2013 Procesul \u0219i rezultatele construirii unui sistem de revitalizare urban\u0103 \u00een Republica Moldova pe baza experien\u021bei poloneze ca parte a proiectelor de dezvoltare ale Ministerului Fondurilor \u0219i Politicii Regionale \u00een 2017-2021, dr Aleksandra Jadach-Sepio\u0142o, Aleksandra Kowalska, MA, \u0218coala de Economie din Var\u0219ovia, Institutul de Dezvoltare Urban\u0103 \u0219i Regional\u0103 \u2013 Primii ani de revitalizare urban\u0103 \u00een Moldova \u2013 concluzii din evaluare, Alexandru Bujorean, Primarul Prim\u0103riei Municipiului Leova, Moldova \u2013 Revitalizarea urban\u0103. Importan\u021baprocesului de revitalizare pentru dezvoltarea echilibrat\u0103 a localit\u0103\u021bilor din Republica Moldova, dr hab. Mariusz Sienkiewicz, prof. UMCS \u2013 Model de management participativ pe exemplul ora\u0219ului Leova din Moldova, dr hab. Katarzyna Ku\u0107-Czajkowska, dr Monika Sidor, dr Justyna Wasil, UMCS \u2013 Participarea la procesul de revitalizare pe exemplul cartierului Nikiszowiec din Katowice, Leszek W\u0142odarski, Prim\u0103ria \u0141\u0119czna \u2013 Revitalizarea \u00een comuna \u0141\u0119czna Podzamcze pe exemplul Parcului Comuna Podzamcze . Importan\u021baprocesului de revitalizare pentru dezvoltarea echilibrat\u0103 a localit\u0103\u021bilor din Republica Moldova, dr hab. Mariusz Sienkiewicz, prof. UMCS \u2013 Model de management participativ pe exemplul ora\u0219ului Leova din Moldova, dr hab. Katarzyna Ku\u0107-Czajkowska, dr Monika Sidor, dr Justyna Wasil, UMCS \u2013 Participarea la procesul de revitalizare pe exemplul cartierului Nikiszowiec din Katowice, Leszek W\u0142odarski, Prim\u0103ria \u0141\u0119czna \u2013 Revitalizarea \u00een comuna \u0141\u0119czna Podzamcze pe exemplul Parcului Comuna Podzamcze . Importan\u021baprocesului de revitalizare pentru dezvoltarea echilibrat\u0103 a localit\u0103\u021bilor din Republica Moldova, dr hab. Mariusz Sienkiewicz, prof. UMCS \u2013 Model de management participativ pe exemplul ora\u0219ului Leova din Moldova, dr hab. Katarzyna Ku\u0107-Czajkowska, dr Monika Sidor, dr Justyna Wasil, UMCS \u2013 Participarea la procesul de revitalizare pe exemplul cartierului Nikiszowiec din Katowice, Leszek W\u0142odarski, Prim\u0103ria \u0141\u0119czna \u2013 Revitalizarea \u00een comuna \u0141\u0119czna Podzamcze pe exemplul Parcului Comuna Podzamcze .<\/p>\n<p>La sf\u00e2r\u0219itul conferin\u021bei a avut loc o discu\u021bie \u0219i un rezumat al lucr\u0103rilor. Dr hab. Mariusz Sienkiewicz, prof. UMCS, Pre\u0219edintele Funda\u021biei Centrul pentru Dezvoltare Local\u0103, Coordonatorul proiectului a mul\u021bumit vorbitorilor pentru discursurile lor, participan\u021bilor pentru participarea la discu\u021bie, finan\u021batorului proiectului \u2013 Ministerul Afacerilor Externe al Poloniei \u2013 pentru finan\u021barea activit\u0103\u021bilor proiectului, partenerilor moldoveni pentru fructuoase cooperare, \u00eentreaga echip\u0103 a proiectului at\u00e2t din partea polonez\u0103, c\u00e2t \u0219i din partea Republicii Moldova, precum \u0219i voluntari pentru cooperarea \u0219i ajutorul lor \u00een organizarea proiectului.<\/p>\n<p>To\u021bi cei interesa\u021bi de tema revitaliz\u0103rii, rolul administra\u021biei publice \u00een procesul de management al revitaliz\u0103rii, participarea reziden\u021bilor la procesele de codecizie \u00een ceea ce prive\u0219te ipotezele \u0219i forma activit\u0103\u021bilor de revitalizare, sunt invita\u021bi s\u0103 citeasc\u0103 publica\u021bia conferin\u021bei \u201eThe rolul administra\u0163iei publice \u00een gestionarea revitaliz\u0103rii urbane. Experiences of Poland and Moldova\u201d, editat de K. Ku\u0107 \u2013 Czajkowska \u0219i MW Sienkiewicz, Lublin-Leova 2022.<\/p>\n<hr>\n<p>Galerie<\/p>\n<!-- default-view.php -->\n<div\n\tclass=\"ngg-galleryoverview default-view \"\n\tid=\"ngg-gallery-e39150147f998c570e0d83f5df8a1765-1\">\n\n\t\t<!-- Thumbnails -->\n\t\t\t\t<div id=\"ngg-image-0\" class=\"ngg-gallery-thumbnail-box \" >\n\t\t\t\t        <div class=\"ngg-gallery-thumbnail\">\n            <a href=\"https:\/\/revitalization.localdevelopment.eu\/wp-content\/gallery\/rola-administracji\/Konferencja-Rola-administracji-1.jpg\"\n               title=\"\"\n               data-src=\"https:\/\/revitalization.localdevelopment.eu\/wp-content\/gallery\/rola-administracji\/Konferencja-Rola-administracji-1.jpg\"\n               data-thumbnail=\"https:\/\/revitalization.localdevelopment.eu\/wp-content\/gallery\/rola-administracji\/thumbs\/thumbs_Konferencja-Rola-administracji-1.jpg\"\n               data-image-id=\"85\"\n               data-title=\"Konferencja-Rola-administracji-1\"\n               data-description=\"\"\n               data-image-slug=\"konferencja-rola-administracji-1\"\n               class=\"ngg-simplelightbox\" rel=\"e39150147f998c570e0d83f5df8a1765\">\n                <img\n                    title=\"Konferencja-Rola-administracji-1\"\n                    alt=\"Konferencja-Rola-administracji-1\"\n                    src=\"https:\/\/revitalization.localdevelopment.eu\/wp-content\/gallery\/rola-administracji\/thumbs\/thumbs_Konferencja-Rola-administracji-1.jpg\"\n                    width=\"240\"\n                    height=\"160\"\n                    style=\"max-width:100%;\"\n                \/>\n            <\/a>\n        <\/div>\n\t\t\t\t\t\t\t<\/div> \n\t\t\t\n\t\t\t\t<div id=\"ngg-image-1\" class=\"ngg-gallery-thumbnail-box \" >\n\t\t\t\t        <div class=\"ngg-gallery-thumbnail\">\n            <a href=\"https:\/\/revitalization.localdevelopment.eu\/wp-content\/gallery\/rola-administracji\/Konferencja-Rola-administracji-3.jpg\"\n               title=\"\"\n               data-src=\"https:\/\/revitalization.localdevelopment.eu\/wp-content\/gallery\/rola-administracji\/Konferencja-Rola-administracji-3.jpg\"\n               data-thumbnail=\"https:\/\/revitalization.localdevelopment.eu\/wp-content\/gallery\/rola-administracji\/thumbs\/thumbs_Konferencja-Rola-administracji-3.jpg\"\n               data-image-id=\"86\"\n               data-title=\"Konferencja-Rola-administracji-3\"\n               data-description=\"\"\n               data-image-slug=\"konferencja-rola-administracji-3\"\n               class=\"ngg-simplelightbox\" rel=\"e39150147f998c570e0d83f5df8a1765\">\n                <img\n                    title=\"Konferencja-Rola-administracji-3\"\n                    alt=\"Konferencja-Rola-administracji-3\"\n                    src=\"https:\/\/revitalization.localdevelopment.eu\/wp-content\/gallery\/rola-administracji\/thumbs\/thumbs_Konferencja-Rola-administracji-3.jpg\"\n                    width=\"240\"\n                    height=\"160\"\n                    style=\"max-width:100%;\"\n                \/>\n            <\/a>\n        <\/div>\n\t\t\t\t\t\t\t<\/div> \n\t\t\t\n\t\t\t\t<div id=\"ngg-image-2\" class=\"ngg-gallery-thumbnail-box \" >\n\t\t\t\t        <div class=\"ngg-gallery-thumbnail\">\n            <a href=\"https:\/\/revitalization.localdevelopment.eu\/wp-content\/gallery\/rola-administracji\/Konferencja-Rola-administracji-2.jpg\"\n               title=\"\"\n               data-src=\"https:\/\/revitalization.localdevelopment.eu\/wp-content\/gallery\/rola-administracji\/Konferencja-Rola-administracji-2.jpg\"\n               data-thumbnail=\"https:\/\/revitalization.localdevelopment.eu\/wp-content\/gallery\/rola-administracji\/thumbs\/thumbs_Konferencja-Rola-administracji-2.jpg\"\n               data-image-id=\"87\"\n               data-title=\"Konferencja-Rola-administracji-2\"\n               data-description=\"\"\n               data-image-slug=\"konferencja-rola-administracji-2\"\n               class=\"ngg-simplelightbox\" rel=\"e39150147f998c570e0d83f5df8a1765\">\n                <img\n                    title=\"Konferencja-Rola-administracji-2\"\n                    alt=\"Konferencja-Rola-administracji-2\"\n                    src=\"https:\/\/revitalization.localdevelopment.eu\/wp-content\/gallery\/rola-administracji\/thumbs\/thumbs_Konferencja-Rola-administracji-2.jpg\"\n                    width=\"240\"\n                    height=\"160\"\n                    style=\"max-width:100%;\"\n                \/>\n            <\/a>\n        <\/div>\n\t\t\t\t\t\t\t<\/div> \n\t\t\t\n\t\t\t\t<div id=\"ngg-image-3\" class=\"ngg-gallery-thumbnail-box \" >\n\t\t\t\t        <div class=\"ngg-gallery-thumbnail\">\n            <a href=\"https:\/\/revitalization.localdevelopment.eu\/wp-content\/gallery\/rola-administracji\/Konferencja-Rola-administracji-4.jpg\"\n               title=\"\"\n               data-src=\"https:\/\/revitalization.localdevelopment.eu\/wp-content\/gallery\/rola-administracji\/Konferencja-Rola-administracji-4.jpg\"\n               data-thumbnail=\"https:\/\/revitalization.localdevelopment.eu\/wp-content\/gallery\/rola-administracji\/thumbs\/thumbs_Konferencja-Rola-administracji-4.jpg\"\n               data-image-id=\"88\"\n               data-title=\"Konferencja-Rola-administracji-4\"\n               data-description=\"\"\n               data-image-slug=\"konferencja-rola-administracji-4\"\n               class=\"ngg-simplelightbox\" rel=\"e39150147f998c570e0d83f5df8a1765\">\n                <img\n                    title=\"Konferencja-Rola-administracji-4\"\n                    alt=\"Konferencja-Rola-administracji-4\"\n                    src=\"https:\/\/revitalization.localdevelopment.eu\/wp-content\/gallery\/rola-administracji\/thumbs\/thumbs_Konferencja-Rola-administracji-4.jpg\"\n                    width=\"240\"\n                    height=\"160\"\n                    style=\"max-width:100%;\"\n                \/>\n            <\/a>\n        <\/div>\n\t\t\t\t\t\t\t<\/div> \n\t\t\t\n\t\t\t\t<div id=\"ngg-image-4\" class=\"ngg-gallery-thumbnail-box \" >\n\t\t\t\t        <div class=\"ngg-gallery-thumbnail\">\n            <a href=\"https:\/\/revitalization.localdevelopment.eu\/wp-content\/gallery\/rola-administracji\/Konferencja-Rola-administracji-6.jpg\"\n               title=\"\"\n               data-src=\"https:\/\/revitalization.localdevelopment.eu\/wp-content\/gallery\/rola-administracji\/Konferencja-Rola-administracji-6.jpg\"\n               data-thumbnail=\"https:\/\/revitalization.localdevelopment.eu\/wp-content\/gallery\/rola-administracji\/thumbs\/thumbs_Konferencja-Rola-administracji-6.jpg\"\n               data-image-id=\"89\"\n               data-title=\"Konferencja-Rola-administracji-6\"\n               data-description=\"\"\n               data-image-slug=\"konferencja-rola-administracji-6\"\n               class=\"ngg-simplelightbox\" rel=\"e39150147f998c570e0d83f5df8a1765\">\n                <img\n                    title=\"Konferencja-Rola-administracji-6\"\n                    alt=\"Konferencja-Rola-administracji-6\"\n                    src=\"https:\/\/revitalization.localdevelopment.eu\/wp-content\/gallery\/rola-administracji\/thumbs\/thumbs_Konferencja-Rola-administracji-6.jpg\"\n                    width=\"240\"\n                    height=\"160\"\n                    style=\"max-width:100%;\"\n                \/>\n            <\/a>\n        <\/div>\n\t\t\t\t\t\t\t<\/div> \n\t\t\t\n\t\t\t\t<div id=\"ngg-image-5\" class=\"ngg-gallery-thumbnail-box \" >\n\t\t\t\t        <div class=\"ngg-gallery-thumbnail\">\n            <a href=\"https:\/\/revitalization.localdevelopment.eu\/wp-content\/gallery\/rola-administracji\/Konferencja-Rola-administracji-5.jpg\"\n               title=\"\"\n               data-src=\"https:\/\/revitalization.localdevelopment.eu\/wp-content\/gallery\/rola-administracji\/Konferencja-Rola-administracji-5.jpg\"\n               data-thumbnail=\"https:\/\/revitalization.localdevelopment.eu\/wp-content\/gallery\/rola-administracji\/thumbs\/thumbs_Konferencja-Rola-administracji-5.jpg\"\n               data-image-id=\"90\"\n               data-title=\"Konferencja-Rola-administracji-5\"\n               data-description=\"\"\n               data-image-slug=\"konferencja-rola-administracji-5\"\n               class=\"ngg-simplelightbox\" rel=\"e39150147f998c570e0d83f5df8a1765\">\n                <img\n                    title=\"Konferencja-Rola-administracji-5\"\n                    alt=\"Konferencja-Rola-administracji-5\"\n                    src=\"https:\/\/revitalization.localdevelopment.eu\/wp-content\/gallery\/rola-administracji\/thumbs\/thumbs_Konferencja-Rola-administracji-5.jpg\"\n                    width=\"240\"\n                    height=\"160\"\n                    style=\"max-width:100%;\"\n                \/>\n            <\/a>\n        <\/div>\n\t\t\t\t\t\t\t<\/div> \n\t\t\t\n\t\t\t\t<div id=\"ngg-image-6\" class=\"ngg-gallery-thumbnail-box \" >\n\t\t\t\t        <div class=\"ngg-gallery-thumbnail\">\n            <a href=\"https:\/\/revitalization.localdevelopment.eu\/wp-content\/gallery\/rola-administracji\/Konferencja-Rola-administracji-8.jpg\"\n               title=\"\"\n               data-src=\"https:\/\/revitalization.localdevelopment.eu\/wp-content\/gallery\/rola-administracji\/Konferencja-Rola-administracji-8.jpg\"\n               data-thumbnail=\"https:\/\/revitalization.localdevelopment.eu\/wp-content\/gallery\/rola-administracji\/thumbs\/thumbs_Konferencja-Rola-administracji-8.jpg\"\n               data-image-id=\"91\"\n               data-title=\"Konferencja-Rola-administracji-8\"\n               data-description=\"\"\n               data-image-slug=\"konferencja-rola-administracji-8\"\n               class=\"ngg-simplelightbox\" rel=\"e39150147f998c570e0d83f5df8a1765\">\n                <img\n                    title=\"Konferencja-Rola-administracji-8\"\n                    alt=\"Konferencja-Rola-administracji-8\"\n                    src=\"https:\/\/revitalization.localdevelopment.eu\/wp-content\/gallery\/rola-administracji\/thumbs\/thumbs_Konferencja-Rola-administracji-8.jpg\"\n                    width=\"240\"\n                    height=\"160\"\n                    style=\"max-width:100%;\"\n                \/>\n            <\/a>\n        <\/div>\n\t\t\t\t\t\t\t<\/div> \n\t\t\t\n\t\t\t\t<div id=\"ngg-image-7\" class=\"ngg-gallery-thumbnail-box \" >\n\t\t\t\t        <div class=\"ngg-gallery-thumbnail\">\n            <a href=\"https:\/\/revitalization.localdevelopment.eu\/wp-content\/gallery\/rola-administracji\/Konferencja-Rola-administracji-7.jpg\"\n               title=\"\"\n               data-src=\"https:\/\/revitalization.localdevelopment.eu\/wp-content\/gallery\/rola-administracji\/Konferencja-Rola-administracji-7.jpg\"\n               data-thumbnail=\"https:\/\/revitalization.localdevelopment.eu\/wp-content\/gallery\/rola-administracji\/thumbs\/thumbs_Konferencja-Rola-administracji-7.jpg\"\n               data-image-id=\"92\"\n               data-title=\"Konferencja-Rola-administracji-7\"\n               data-description=\"\"\n               data-image-slug=\"konferencja-rola-administracji-7\"\n               class=\"ngg-simplelightbox\" rel=\"e39150147f998c570e0d83f5df8a1765\">\n                <img\n                    title=\"Konferencja-Rola-administracji-7\"\n                    alt=\"Konferencja-Rola-administracji-7\"\n                    src=\"https:\/\/revitalization.localdevelopment.eu\/wp-content\/gallery\/rola-administracji\/thumbs\/thumbs_Konferencja-Rola-administracji-7.jpg\"\n                    width=\"240\"\n                    height=\"160\"\n                    style=\"max-width:100%;\"\n                \/>\n            <\/a>\n        <\/div>\n\t\t\t\t\t\t\t<\/div> \n\t\t\t\n\t\t\t\t<div id=\"ngg-image-8\" class=\"ngg-gallery-thumbnail-box \" >\n\t\t\t\t        <div class=\"ngg-gallery-thumbnail\">\n            <a href=\"https:\/\/revitalization.localdevelopment.eu\/wp-content\/gallery\/rola-administracji\/Konferencja-Rola-administracji-9.jpg\"\n               title=\"\"\n               data-src=\"https:\/\/revitalization.localdevelopment.eu\/wp-content\/gallery\/rola-administracji\/Konferencja-Rola-administracji-9.jpg\"\n               data-thumbnail=\"https:\/\/revitalization.localdevelopment.eu\/wp-content\/gallery\/rola-administracji\/thumbs\/thumbs_Konferencja-Rola-administracji-9.jpg\"\n               data-image-id=\"93\"\n               data-title=\"Konferencja-Rola-administracji-9\"\n               data-description=\"\"\n               data-image-slug=\"konferencja-rola-administracji-9\"\n               class=\"ngg-simplelightbox\" rel=\"e39150147f998c570e0d83f5df8a1765\">\n                <img\n                    title=\"Konferencja-Rola-administracji-9\"\n                    alt=\"Konferencja-Rola-administracji-9\"\n                    src=\"https:\/\/revitalization.localdevelopment.eu\/wp-content\/gallery\/rola-administracji\/thumbs\/thumbs_Konferencja-Rola-administracji-9.jpg\"\n                    width=\"240\"\n                    height=\"160\"\n                    style=\"max-width:100%;\"\n                \/>\n            <\/a>\n        <\/div>\n\t\t\t\t\t\t\t<\/div> \n\t\t\t\n\t\t\t\t<div id=\"ngg-image-9\" class=\"ngg-gallery-thumbnail-box \" >\n\t\t\t\t        <div class=\"ngg-gallery-thumbnail\">\n            <a href=\"https:\/\/revitalization.localdevelopment.eu\/wp-content\/gallery\/rola-administracji\/Konferencja-Rola-administracji-11.jpg\"\n               title=\"\"\n               data-src=\"https:\/\/revitalization.localdevelopment.eu\/wp-content\/gallery\/rola-administracji\/Konferencja-Rola-administracji-11.jpg\"\n               data-thumbnail=\"https:\/\/revitalization.localdevelopment.eu\/wp-content\/gallery\/rola-administracji\/thumbs\/thumbs_Konferencja-Rola-administracji-11.jpg\"\n               data-image-id=\"94\"\n               data-title=\"Konferencja-Rola-administracji-11\"\n               data-description=\"\"\n               data-image-slug=\"konferencja-rola-administracji-11\"\n               class=\"ngg-simplelightbox\" rel=\"e39150147f998c570e0d83f5df8a1765\">\n                <img\n                    title=\"Konferencja-Rola-administracji-11\"\n                    alt=\"Konferencja-Rola-administracji-11\"\n                    src=\"https:\/\/revitalization.localdevelopment.eu\/wp-content\/gallery\/rola-administracji\/thumbs\/thumbs_Konferencja-Rola-administracji-11.jpg\"\n                    width=\"240\"\n                    height=\"160\"\n                    style=\"max-width:100%;\"\n                \/>\n            <\/a>\n        <\/div>\n\t\t\t\t\t\t\t<\/div> \n\t\t\t\n\t\t\t\t<div id=\"ngg-image-10\" class=\"ngg-gallery-thumbnail-box \" >\n\t\t\t\t        <div class=\"ngg-gallery-thumbnail\">\n            <a href=\"https:\/\/revitalization.localdevelopment.eu\/wp-content\/gallery\/rola-administracji\/Konferencja-Rola-administracji-10.jpg\"\n               title=\"\"\n               data-src=\"https:\/\/revitalization.localdevelopment.eu\/wp-content\/gallery\/rola-administracji\/Konferencja-Rola-administracji-10.jpg\"\n               data-thumbnail=\"https:\/\/revitalization.localdevelopment.eu\/wp-content\/gallery\/rola-administracji\/thumbs\/thumbs_Konferencja-Rola-administracji-10.jpg\"\n               data-image-id=\"95\"\n               data-title=\"Konferencja-Rola-administracji-10\"\n               data-description=\"\"\n               data-image-slug=\"konferencja-rola-administracji-10\"\n               class=\"ngg-simplelightbox\" rel=\"e39150147f998c570e0d83f5df8a1765\">\n                <img\n                    title=\"Konferencja-Rola-administracji-10\"\n                    alt=\"Konferencja-Rola-administracji-10\"\n                    src=\"https:\/\/revitalization.localdevelopment.eu\/wp-content\/gallery\/rola-administracji\/thumbs\/thumbs_Konferencja-Rola-administracji-10.jpg\"\n                    width=\"240\"\n                    height=\"160\"\n                    style=\"max-width:100%;\"\n                \/>\n            <\/a>\n        <\/div>\n\t\t\t\t\t\t\t<\/div> \n\t\t\t\n\t\t\t\t<div id=\"ngg-image-11\" class=\"ngg-gallery-thumbnail-box \" >\n\t\t\t\t        <div class=\"ngg-gallery-thumbnail\">\n            <a href=\"https:\/\/revitalization.localdevelopment.eu\/wp-content\/gallery\/rola-administracji\/Konferencja-Rola-administracji-12.jpg\"\n               title=\"\"\n               data-src=\"https:\/\/revitalization.localdevelopment.eu\/wp-content\/gallery\/rola-administracji\/Konferencja-Rola-administracji-12.jpg\"\n               data-thumbnail=\"https:\/\/revitalization.localdevelopment.eu\/wp-content\/gallery\/rola-administracji\/thumbs\/thumbs_Konferencja-Rola-administracji-12.jpg\"\n               data-image-id=\"96\"\n               data-title=\"Konferencja-Rola-administracji-12\"\n               data-description=\"\"\n               data-image-slug=\"konferencja-rola-administracji-12\"\n               class=\"ngg-simplelightbox\" rel=\"e39150147f998c570e0d83f5df8a1765\">\n                <img\n                    title=\"Konferencja-Rola-administracji-12\"\n                    alt=\"Konferencja-Rola-administracji-12\"\n                    src=\"https:\/\/revitalization.localdevelopment.eu\/wp-content\/gallery\/rola-administracji\/thumbs\/thumbs_Konferencja-Rola-administracji-12.jpg\"\n                    width=\"240\"\n                    height=\"160\"\n                    style=\"max-width:100%;\"\n                \/>\n            <\/a>\n        <\/div>\n\t\t\t\t\t\t\t<\/div> \n\t\t\t\n\t\t\t\t<div id=\"ngg-image-12\" class=\"ngg-gallery-thumbnail-box \" >\n\t\t\t\t        <div class=\"ngg-gallery-thumbnail\">\n            <a href=\"https:\/\/revitalization.localdevelopment.eu\/wp-content\/gallery\/rola-administracji\/Konferencja-Rola-administracji-13.jpg\"\n               title=\"\"\n               data-src=\"https:\/\/revitalization.localdevelopment.eu\/wp-content\/gallery\/rola-administracji\/Konferencja-Rola-administracji-13.jpg\"\n               data-thumbnail=\"https:\/\/revitalization.localdevelopment.eu\/wp-content\/gallery\/rola-administracji\/thumbs\/thumbs_Konferencja-Rola-administracji-13.jpg\"\n               data-image-id=\"97\"\n               data-title=\"Konferencja-Rola-administracji-13\"\n               data-description=\"\"\n               data-image-slug=\"konferencja-rola-administracji-13\"\n               class=\"ngg-simplelightbox\" rel=\"e39150147f998c570e0d83f5df8a1765\">\n                <img\n                    title=\"Konferencja-Rola-administracji-13\"\n                    alt=\"Konferencja-Rola-administracji-13\"\n                    src=\"https:\/\/revitalization.localdevelopment.eu\/wp-content\/gallery\/rola-administracji\/thumbs\/thumbs_Konferencja-Rola-administracji-13.jpg\"\n                    width=\"240\"\n                    height=\"160\"\n                    style=\"max-width:100%;\"\n                \/>\n            <\/a>\n        <\/div>\n\t\t\t\t\t\t\t<\/div> \n\t\t\t\n\t\t\t\t<div id=\"ngg-image-13\" class=\"ngg-gallery-thumbnail-box \" >\n\t\t\t\t        <div class=\"ngg-gallery-thumbnail\">\n            <a href=\"https:\/\/revitalization.localdevelopment.eu\/wp-content\/gallery\/rola-administracji\/Konferencja-Rola-administracji-14.jpg\"\n               title=\"\"\n               data-src=\"https:\/\/revitalization.localdevelopment.eu\/wp-content\/gallery\/rola-administracji\/Konferencja-Rola-administracji-14.jpg\"\n               data-thumbnail=\"https:\/\/revitalization.localdevelopment.eu\/wp-content\/gallery\/rola-administracji\/thumbs\/thumbs_Konferencja-Rola-administracji-14.jpg\"\n               data-image-id=\"98\"\n               data-title=\"Konferencja-Rola-administracji-14\"\n               data-description=\"\"\n               data-image-slug=\"konferencja-rola-administracji-14\"\n               class=\"ngg-simplelightbox\" rel=\"e39150147f998c570e0d83f5df8a1765\">\n                <img\n                    title=\"Konferencja-Rola-administracji-14\"\n                    alt=\"Konferencja-Rola-administracji-14\"\n                    src=\"https:\/\/revitalization.localdevelopment.eu\/wp-content\/gallery\/rola-administracji\/thumbs\/thumbs_Konferencja-Rola-administracji-14.jpg\"\n                    width=\"240\"\n                    height=\"160\"\n                    style=\"max-width:100%;\"\n                \/>\n            <\/a>\n        <\/div>\n\t\t\t\t\t\t\t<\/div> \n\t\t\t\n\t\t\t\t<div id=\"ngg-image-14\" class=\"ngg-gallery-thumbnail-box \" >\n\t\t\t\t        <div class=\"ngg-gallery-thumbnail\">\n            <a href=\"https:\/\/revitalization.localdevelopment.eu\/wp-content\/gallery\/rola-administracji\/Konferencja-Rola-administracji-15.jpg\"\n               title=\"\"\n               data-src=\"https:\/\/revitalization.localdevelopment.eu\/wp-content\/gallery\/rola-administracji\/Konferencja-Rola-administracji-15.jpg\"\n               data-thumbnail=\"https:\/\/revitalization.localdevelopment.eu\/wp-content\/gallery\/rola-administracji\/thumbs\/thumbs_Konferencja-Rola-administracji-15.jpg\"\n               data-image-id=\"99\"\n               data-title=\"Konferencja-Rola-administracji-15\"\n               data-description=\"\"\n               data-image-slug=\"konferencja-rola-administracji-15\"\n               class=\"ngg-simplelightbox\" rel=\"e39150147f998c570e0d83f5df8a1765\">\n                <img\n                    title=\"Konferencja-Rola-administracji-15\"\n                    alt=\"Konferencja-Rola-administracji-15\"\n                    src=\"https:\/\/revitalization.localdevelopment.eu\/wp-content\/gallery\/rola-administracji\/thumbs\/thumbs_Konferencja-Rola-administracji-15.jpg\"\n                    width=\"240\"\n                    height=\"160\"\n                    style=\"max-width:100%;\"\n                \/>\n            <\/a>\n        <\/div>\n\t\t\t\t\t\t\t<\/div> \n\t\t\t\n\t\n\t<br style=\"clear: both\" \/>\n\n\t\n\t\t<!-- Pagination -->\n\t<div class='ngg-clear'><\/div>\t<\/div>\n\n","protected":false},"excerpt":{"rendered":"<p>Pe 16 decembrie 2022, o conferin\u021b\u0103 interna\u021bional\u0103 \u0219tiin\u021bific\u0103 \u0219i practic\u0103 intitulat\u0103 \u201eRolul administra\u021biei publice \u00een gestionarea revitaliz\u0103rii urbane. Experien\u021bele Poloniei \u0219i Moldovei\u201d. Conferin\u021ba s-a desf\u0103\u0219urat [&hellip;]<\/p>\n","protected":false},"author":1,"featured_media":1163,"comment_status":"closed","ping_status":"open","sticky":false,"template":"","format":"standard","meta":{"ngg_post_thumbnail":0,"footnotes":""},"categories":[138],"tags":[],"class_list":["post-1249","post","type-post","status-publish","format-standard","has-post-thumbnail","hentry","category-stiri"],"_links":{"self":[{"href":"https:\/\/revitalization.localdevelopment.eu\/index.php?rest_route=\/wp\/v2\/posts\/1249","targetHints":{"allow":["GET"]}}],"collection":[{"href":"https:\/\/revitalization.localdevelopment.eu\/index.php?rest_route=\/wp\/v2\/posts"}],"about":[{"href":"https:\/\/revitalization.localdevelopment.eu\/index.php?rest_route=\/wp\/v2\/types\/post"}],"author":[{"embeddable":true,"href":"https:\/\/revitalization.localdevelopment.eu\/index.php?rest_route=\/wp\/v2\/users\/1"}],"replies":[{"embeddable":true,"href":"https:\/\/revitalization.localdevelopment.eu\/index.php?rest_route=%2Fwp%2Fv2%2Fcomments&post=1249"}],"version-history":[{"count":2,"href":"https:\/\/revitalization.localdevelopment.eu\/index.php?rest_route=\/wp\/v2\/posts\/1249\/revisions"}],"predecessor-version":[{"id":1251,"href":"https:\/\/revitalization.localdevelopment.eu\/index.php?rest_route=\/wp\/v2\/posts\/1249\/revisions\/1251"}],"wp:featuredmedia":[{"embeddable":true,"href":"https:\/\/revitalization.localdevelopment.eu\/index.php?rest_route=\/wp\/v2\/media\/1163"}],"wp:attachment":[{"href":"https:\/\/revitalization.localdevelopment.eu\/index.php?rest_route=%2Fwp%2Fv2%2Fmedia&parent=1249"}],"wp:term":[{"taxonomy":"category","embeddable":true,"href":"https:\/\/revitalization.localdevelopment.eu\/index.php?rest_route=%2Fwp%2Fv2%2Fcategories&post=1249"},{"taxonomy":"post_tag","embeddable":true,"href":"https:\/\/revitalization.localdevelopment.eu\/index.php?rest_route=%2Fwp%2Fv2%2Ftags&post=1249"}],"curies":[{"name":"wp","href":"https:\/\/api.w.org\/{rel}","templated":true}]}}