{"id":1145,"date":"2022-12-22T07:53:31","date_gmt":"2022-12-22T07:53:31","guid":{"rendered":"https:\/\/revitalization.localdevelopment.eu\/?p=1145"},"modified":"2022-12-29T19:25:40","modified_gmt":"2022-12-29T19:25:40","slug":"miedzynarodowa-konferencja-naukowo-praktyczna-pt-rola-administracji-publicznej-w-zarzadzaniu-rewitalizacja-miast-doswiadczenia-polski-i-moldawii","status":"publish","type":"post","link":"https:\/\/revitalization.localdevelopment.eu\/?p=1145","title":{"rendered":"Mi\u0119dzynarodowa konferencja naukowo-praktyczna pt. \u201eRola administracji publicznej w zarz\u0105dzaniu rewitalizacj\u0105 miast. Do\u015bwiadczenia Polski i Mo\u0142dawii\u201d"},"content":{"rendered":"<p class=\"western\" align=\"justify\"><span style=\"font-family: Calibri, sans-serif;\"><span style=\"font-size: small;\"><span style=\"color: #000000;\"><span style=\"font-family: Times New Roman, serif;\"><span style=\"font-size: medium;\">W dniu 16 grudnia 2022 roku odby\u0142a si\u0119 mi\u0119dzynarodowa konferencja naukowo-praktyczna pt. \u201eRola administracji publicznej w zarz\u0105dzaniu rewitalizacj\u0105 miast. Do\u015bwiadczenia Polski i Mo\u0142dawii\u201d. Patronatem honorowym konferencj\u0119 obj\u0105\u0142 Rektor UMCS prof. dr hab. Rados\u0142aw Dobrowolski. Patronatu medialnego udzieli\u0142a telewizja TV 3 Lublin oraz Radio Lublin. Konferencja odby\u0142a si\u0119 paralelnie w formie stacjonarnej w Instytucie Nauk o Polityce i Administracji Wydzia\u0142u Politologii i Dziennikarstwa UMCS (Lublin, Polska) i w Institutul Muncii (Kiszyni\u00f3w, Mo\u0142dawia) oraz w formie zdalnej. <\/span><\/span><\/span><\/span><\/span><\/p>\n<p class=\"western\" align=\"justify\"><span style=\"font-family: Calibri, sans-serif;\"><span style=\"font-size: small;\"><span style=\"color: #000000;\"><span style=\"font-family: Times New Roman, serif;\"><span style=\"font-size: medium;\">S\u0142owo powitalne do uczestnik\u00f3w i go\u015bci konferencji skierowali Prof. dr hab. Marek Pietra\u015b, Dyrektor Instytutu Nauk o Polityce i Administracji Wydzia\u0142u Politologii i Dziennikarstwa UMCS, dr hab. Wojciech Zi\u0119tara, prof. UMCS, Dziekan Wydzia\u0142u Politologii i Dziennikarstwa UMCS, Grzegorz Pragert, Radca, Departament Program\u00f3w Pomocowych, Ministerstwo Funduszy i Polityki Regionalnej, Zbigniew Wojciechowski, Wicemarsza\u0142ek Wojew\u00f3dztwa Lubelskiego, Dr hab. Beata Surmacz, prof. UMCS, Dyrektor Instytutu Europy \u015arodkowej, Alexandru Bujorean, Burmistrz, Urz\u0105d Miasta Leova, Mo\u0142dawia oraz dr hab. Mariusz Sienkiewicz, prof. UMCS, Prezes Fundacji Centrum Rozwoju Lokalnego, Koordynator Projektu. Gratulacje konferencji oraz \u017cyczenia owocnych obrad przes\u0142ali tak\u017ce Jego Ekscelencja Tomasz Kobzdej \u2013 Ambasador Rzeczypospolitek Polskiej w Republice Mo\u0142dawii oraz prof. dr hab. Zbigniew Pastuszak, prorektor ds. rozwoju i wsp\u00f3\u0142pracy z gospodark\u0105 UMCS.<\/span><\/span><\/span><\/span><\/span><\/p>\n<p class=\"western\" align=\"justify\"><span style=\"font-family: Calibri, sans-serif;\"><span style=\"font-size: small;\"><span style=\"color: #000000;\"><span style=\"font-family: Times New Roman, serif;\"><span style=\"font-size: medium;\">W dalszej cz\u0119\u015bci prof. dr hab. Walenty Baluk, Dyrektor Centrum Europy Wschodniej UMCS, wyg\u0142osi\u0142 wyk\u0142ad wprowadzaj\u0105cy pt. \u201eCentralizacja vs decentralizacja na obszarze b. ZSRR w warunkach wojny rosyjsko-ukrai\u0144skiej. Wybrane zagadnienia\u201d.<\/span><\/span><\/span><\/span><\/span><\/p>\n<p class=\"western\" align=\"justify\"><span style=\"font-family: Calibri, sans-serif;\"><span style=\"font-size: small;\"><span style=\"color: #000000;\"><span style=\"font-family: Times New Roman, serif;\"><span style=\"font-size: medium;\">Dr hab. Mariusz Sienkiewicz, prof. UMCS, koordynator Projektu, zaprezentowa\u0142 efekty projektu: \u201eNasza Leova\u201d. Wdro\u017cenie modelu partycypacyjnego zarz\u0105dzania rewitalizacj\u0105 miasta Leova w Mo\u0142dawii.<\/span><\/span><\/span><\/span><\/span><\/p>\n<p class=\"western\" align=\"justify\"><span style=\"font-family: Calibri, sans-serif;\"><span style=\"font-size: small;\"><span style=\"color: #000000;\"><span style=\"font-family: Times New Roman, serif;\"><span style=\"font-size: medium;\">Nast\u0119pnie prelegenci wyg\u0142osili wyst\u0105pienia w dw\u00f3ch panelach. Pierwszy z nich, moderowany przez dr hab. Katarzyn\u0119 Ku\u0107 \u2013 Czajkowsk\u0105, po\u015bwi\u0119cony by\u0142 zagadnieniom roli administracji publicznej w procesie wdra\u017cania zmian zwi\u0105zanych z rewitalizacj\u0105 obszaru. Uczestniczyli w nim: Sergei Severin, Solidarity Fund in Moldova, The role of the Solidarity Fund in the process of creating of urban revitalization system in Moldova, Dr Izabela Rudzka, Szko\u0142a G\u0142\u00f3wna Handlowa w Warszawie \u2013 Model Rewitalizacji Strategicznej, Dr Kamil Glinka, Uniwersytet Wroc\u0142awski \u2013 Urban revitalization? European Parliament towards the Urban Agenda for the EU, Mgr Ewelina Mako\u015b, UMCS \u2013 Problematyka procesu rewitalizacji polskich miast w kontek\u015bcie cyfryzacji i informatyzacji spo\u0142ecze\u0144stwa, Dr Agnieszka Zi\u0119tek, UMCS \u2013 Uspo\u0142eczniona rewitalizacja \u2013 rzeczywisto\u015b\u0107 czy dzia\u0142anie pozorne?.<\/span><\/span><\/span><\/span><\/span><\/p>\n<p class=\"western\" align=\"justify\"><span style=\"font-family: Calibri, sans-serif;\"><span style=\"font-size: small;\"><span style=\"color: #000000;\"><span style=\"font-family: Times New Roman, serif;\"><span style=\"font-size: medium;\">Drugi panel, moderowany przez dr Marta Drabczuk, dotyczy\u0142 do\u015bwiadcze\u0144 rewitalizacji miast w Polsce i w Mo\u0142dawii w kontek\u015bcie szans i wyzwa\u0144 na przysz\u0142o\u015b\u0107. Do\u015bwiadczeniami praktycznymi z dzia\u0142a\u0144 rewitalizacyjnych z uwzgl\u0119dnieniem w\u0142\u0105czenia spo\u0142eczno\u015bci lokalnej, organizacji pozarz\u0105dowych oraz wynikami bada\u0144 naukowych dzielili si\u0119 z uczestnikami: Grzegorz Pragert, Ministerstwo Funduszy i Polityki Regionalnej \u2013 Proces i rezultaty budowania systemu rewitalizacji miast w Republice Mo\u0142dawii w oparciu o polskie do\u015bwiadczenia w ramach projekt\u00f3w rozwojowych MFiPR w latach 2017- 2021, Dr Aleksandra Jadach\u2013Sepio\u0142o, Mgr Aleksandra Kowalska, Szko\u0142a G\u0142\u00f3wna Handlowa w Warszawie, Instytut Rozwoju Miast i Region\u00f3w \u2013 Pierwsze lata rewitalizacji miast w Mo\u0142dawii \u2013 wnioski z ewaluacji, Alexandru Bujorean, Burmistrz, Urz\u0105d Miasta Leova, Mo\u0142dawia \u2013 Revitalizarea urban\u0103. Importan\u021ba procesului de revitalizare pentru dezvoltarea echilibrat\u0103 a localit\u0103\u021bilor din Republica Moldova, Dr hab. Mariusz Sienkiewicz, prof. UMCS, &#8211; Partycypacyjny model zarz\u0105dzania na przyk\u0142adzie miasta Leova w Mo\u0142dawii, Dr hab. Katarzyna Ku\u0107-Czajkowska, dr Monika Sidor, dr Justyna Wasil, UMCS \u2013 Partycypacja w procesie rewitalizacji na przyk\u0142adzie katowickiego osiedla Nikiszowiec, Leszek W\u0142odarski, Urz\u0105d Miejski w \u0141\u0119cznej \u2013 Rewitalizacja w gminie \u0141\u0119czna na przyk\u0142adzie Parku Podzamcze.<\/span><\/span><\/span><\/span><\/span><\/p>\n<p class=\"western\" align=\"justify\"><span style=\"font-family: Calibri, sans-serif;\"><span style=\"font-size: small;\"><span style=\"color: #000000;\"><span style=\"font-family: Times New Roman, serif;\"><span style=\"font-size: medium;\">Na zako\u0144czenie konferencji odby\u0142a si\u0119 dyskusja oraz podsumowanie obrad. Dr hab. Mariusz Sienkiewicz, prof. UMCS, Prezes Fundacji Centrum Rozwoju Lokalnego, Koordynator Projekt podzi\u0119kowa\u0142 prelegentom za wyst\u0105pienie, uczestnikom za udzia\u0142 w dyskusji, grantodawcy projektu \u2013 MSZ RP \u2013 za finansowanie dzia\u0142a\u0144 projektowych, partnerom mo\u0142dawskim za owocn\u0105 wsp\u00f3\u0142prac\u0119, ca\u0142emu zespo\u0142owi projektowemu po stronie polskiej i mo\u0142dawskiej, a tak\u017ce wolontariuszom za wsp\u00f3\u0142prac\u0119 oraz pomoc przy organizacji projektu. <\/span><\/span><\/span><\/span><\/span><\/p>\n<p class=\"western\" align=\"justify\"><span style=\"font-family: Calibri, sans-serif;\"><span style=\"font-size: small;\"><span style=\"color: #000000;\"><span style=\"font-family: Times New Roman, serif;\"><span style=\"font-size: medium;\">Wszystkich zainteresowanych tematyk\u0105 rewitalizacji, rol\u0105 administracji publicznej w procesie zarz\u0105dzania rewitalizacj\u0105, <\/span><\/span><\/span><span style=\"color: #000000;\"><span style=\"font-family: Times New Roman, serif;\"><span style=\"font-size: medium;\">partycypacj\u0105 mieszka\u0144c\u00f3w w procesach wsp\u00f3\u0142decydowania w zakresie za\u0142o\u017ce\u0144 oraz kszta\u0142tu dzia\u0142a\u0144 rewitalizacyjnych, zapraszamy do zapoznania si\u0119 z publikacj\u0105 konferencyjn\u0105 \u201eRola administracji publicznej w zarz\u0105dzaniu rewitalizacj\u0105 miast. Do\u015bwiadczenia Polski i Mo\u0142dawii\u201d, pod red. K. Ku\u0107 \u2013 Czajkowskiej oraz M. W. Sienkiewicza, Lublin- Leova 2022.<\/span><\/span><\/span><\/span><\/span><\/p>\n<p align=\"justify\">Galeria z wydarzenia<\/p>\n<!-- default-view.php -->\n<div\n\tclass=\"ngg-galleryoverview default-view \"\n\tid=\"ngg-gallery-3a68e9ac9a714a83489d0558926001ad-1\">\n\n\t\t<!-- Thumbnails -->\n\t\t\t\t<div id=\"ngg-image-0\" class=\"ngg-gallery-thumbnail-box ngg-4-columns\" >\n\t\t\t\t        <div class=\"ngg-gallery-thumbnail\">\n            <a href=\"https:\/\/revitalization.localdevelopment.eu\/wp-content\/gallery\/rola-administracji\/Konferencja-Rola-administracji-1.jpg\"\n               title=\"\"\n               data-src=\"https:\/\/revitalization.localdevelopment.eu\/wp-content\/gallery\/rola-administracji\/Konferencja-Rola-administracji-1.jpg\"\n               data-thumbnail=\"https:\/\/revitalization.localdevelopment.eu\/wp-content\/gallery\/rola-administracji\/thumbs\/thumbs_Konferencja-Rola-administracji-1.jpg\"\n               data-image-id=\"85\"\n               data-title=\"Konferencja-Rola-administracji-1\"\n               data-description=\"\"\n               data-image-slug=\"konferencja-rola-administracji-1\"\n               class=\"ngg-simplelightbox\" rel=\"3a68e9ac9a714a83489d0558926001ad\">\n                <img\n                    title=\"Konferencja-Rola-administracji-1\"\n                    alt=\"Konferencja-Rola-administracji-1\"\n                    src=\"https:\/\/revitalization.localdevelopment.eu\/wp-content\/gallery\/rola-administracji\/thumbs\/thumbs_Konferencja-Rola-administracji-1.jpg\"\n                    width=\"240\"\n                    height=\"160\"\n                    style=\"max-width:100%;\"\n                \/>\n            <\/a>\n        <\/div>\n\t\t\t\t\t\t\t<\/div> \n\t\t\t\n\t\t\t\t<div id=\"ngg-image-1\" class=\"ngg-gallery-thumbnail-box ngg-4-columns\" >\n\t\t\t\t        <div class=\"ngg-gallery-thumbnail\">\n            <a href=\"https:\/\/revitalization.localdevelopment.eu\/wp-content\/gallery\/rola-administracji\/Konferencja-Rola-administracji-3.jpg\"\n               title=\"\"\n               data-src=\"https:\/\/revitalization.localdevelopment.eu\/wp-content\/gallery\/rola-administracji\/Konferencja-Rola-administracji-3.jpg\"\n               data-thumbnail=\"https:\/\/revitalization.localdevelopment.eu\/wp-content\/gallery\/rola-administracji\/thumbs\/thumbs_Konferencja-Rola-administracji-3.jpg\"\n               data-image-id=\"86\"\n               data-title=\"Konferencja-Rola-administracji-3\"\n               data-description=\"\"\n               data-image-slug=\"konferencja-rola-administracji-3\"\n               class=\"ngg-simplelightbox\" rel=\"3a68e9ac9a714a83489d0558926001ad\">\n                <img\n                    title=\"Konferencja-Rola-administracji-3\"\n                    alt=\"Konferencja-Rola-administracji-3\"\n                    src=\"https:\/\/revitalization.localdevelopment.eu\/wp-content\/gallery\/rola-administracji\/thumbs\/thumbs_Konferencja-Rola-administracji-3.jpg\"\n                    width=\"240\"\n                    height=\"160\"\n                    style=\"max-width:100%;\"\n                \/>\n            <\/a>\n        <\/div>\n\t\t\t\t\t\t\t<\/div> \n\t\t\t\n\t\t\t\t<div id=\"ngg-image-2\" class=\"ngg-gallery-thumbnail-box ngg-4-columns\" >\n\t\t\t\t        <div class=\"ngg-gallery-thumbnail\">\n            <a href=\"https:\/\/revitalization.localdevelopment.eu\/wp-content\/gallery\/rola-administracji\/Konferencja-Rola-administracji-2.jpg\"\n               title=\"\"\n               data-src=\"https:\/\/revitalization.localdevelopment.eu\/wp-content\/gallery\/rola-administracji\/Konferencja-Rola-administracji-2.jpg\"\n               data-thumbnail=\"https:\/\/revitalization.localdevelopment.eu\/wp-content\/gallery\/rola-administracji\/thumbs\/thumbs_Konferencja-Rola-administracji-2.jpg\"\n               data-image-id=\"87\"\n               data-title=\"Konferencja-Rola-administracji-2\"\n               data-description=\"\"\n               data-image-slug=\"konferencja-rola-administracji-2\"\n               class=\"ngg-simplelightbox\" rel=\"3a68e9ac9a714a83489d0558926001ad\">\n                <img\n                    title=\"Konferencja-Rola-administracji-2\"\n                    alt=\"Konferencja-Rola-administracji-2\"\n                    src=\"https:\/\/revitalization.localdevelopment.eu\/wp-content\/gallery\/rola-administracji\/thumbs\/thumbs_Konferencja-Rola-administracji-2.jpg\"\n                    width=\"240\"\n                    height=\"160\"\n                    style=\"max-width:100%;\"\n                \/>\n            <\/a>\n        <\/div>\n\t\t\t\t\t\t\t<\/div> \n\t\t\t\n\t\t\t\t<div id=\"ngg-image-3\" class=\"ngg-gallery-thumbnail-box ngg-4-columns\" >\n\t\t\t\t        <div class=\"ngg-gallery-thumbnail\">\n            <a href=\"https:\/\/revitalization.localdevelopment.eu\/wp-content\/gallery\/rola-administracji\/Konferencja-Rola-administracji-4.jpg\"\n               title=\"\"\n               data-src=\"https:\/\/revitalization.localdevelopment.eu\/wp-content\/gallery\/rola-administracji\/Konferencja-Rola-administracji-4.jpg\"\n               data-thumbnail=\"https:\/\/revitalization.localdevelopment.eu\/wp-content\/gallery\/rola-administracji\/thumbs\/thumbs_Konferencja-Rola-administracji-4.jpg\"\n               data-image-id=\"88\"\n               data-title=\"Konferencja-Rola-administracji-4\"\n               data-description=\"\"\n               data-image-slug=\"konferencja-rola-administracji-4\"\n               class=\"ngg-simplelightbox\" rel=\"3a68e9ac9a714a83489d0558926001ad\">\n                <img\n                    title=\"Konferencja-Rola-administracji-4\"\n                    alt=\"Konferencja-Rola-administracji-4\"\n                    src=\"https:\/\/revitalization.localdevelopment.eu\/wp-content\/gallery\/rola-administracji\/thumbs\/thumbs_Konferencja-Rola-administracji-4.jpg\"\n                    width=\"240\"\n                    height=\"160\"\n                    style=\"max-width:100%;\"\n                \/>\n            <\/a>\n        <\/div>\n\t\t\t\t\t\t\t<\/div> \n\t\t\t\n\t\t\t\t<div id=\"ngg-image-4\" class=\"ngg-gallery-thumbnail-box ngg-4-columns\" >\n\t\t\t\t        <div class=\"ngg-gallery-thumbnail\">\n            <a href=\"https:\/\/revitalization.localdevelopment.eu\/wp-content\/gallery\/rola-administracji\/Konferencja-Rola-administracji-6.jpg\"\n               title=\"\"\n               data-src=\"https:\/\/revitalization.localdevelopment.eu\/wp-content\/gallery\/rola-administracji\/Konferencja-Rola-administracji-6.jpg\"\n               data-thumbnail=\"https:\/\/revitalization.localdevelopment.eu\/wp-content\/gallery\/rola-administracji\/thumbs\/thumbs_Konferencja-Rola-administracji-6.jpg\"\n               data-image-id=\"89\"\n               data-title=\"Konferencja-Rola-administracji-6\"\n               data-description=\"\"\n               data-image-slug=\"konferencja-rola-administracji-6\"\n               class=\"ngg-simplelightbox\" rel=\"3a68e9ac9a714a83489d0558926001ad\">\n                <img\n                    title=\"Konferencja-Rola-administracji-6\"\n                    alt=\"Konferencja-Rola-administracji-6\"\n                    src=\"https:\/\/revitalization.localdevelopment.eu\/wp-content\/gallery\/rola-administracji\/thumbs\/thumbs_Konferencja-Rola-administracji-6.jpg\"\n                    width=\"240\"\n                    height=\"160\"\n                    style=\"max-width:100%;\"\n                \/>\n            <\/a>\n        <\/div>\n\t\t\t\t\t\t\t<\/div> \n\t\t\t\n\t\t\t\t<div id=\"ngg-image-5\" class=\"ngg-gallery-thumbnail-box ngg-4-columns\" >\n\t\t\t\t        <div class=\"ngg-gallery-thumbnail\">\n            <a href=\"https:\/\/revitalization.localdevelopment.eu\/wp-content\/gallery\/rola-administracji\/Konferencja-Rola-administracji-5.jpg\"\n               title=\"\"\n               data-src=\"https:\/\/revitalization.localdevelopment.eu\/wp-content\/gallery\/rola-administracji\/Konferencja-Rola-administracji-5.jpg\"\n               data-thumbnail=\"https:\/\/revitalization.localdevelopment.eu\/wp-content\/gallery\/rola-administracji\/thumbs\/thumbs_Konferencja-Rola-administracji-5.jpg\"\n               data-image-id=\"90\"\n               data-title=\"Konferencja-Rola-administracji-5\"\n               data-description=\"\"\n               data-image-slug=\"konferencja-rola-administracji-5\"\n               class=\"ngg-simplelightbox\" rel=\"3a68e9ac9a714a83489d0558926001ad\">\n                <img\n                    title=\"Konferencja-Rola-administracji-5\"\n                    alt=\"Konferencja-Rola-administracji-5\"\n                    src=\"https:\/\/revitalization.localdevelopment.eu\/wp-content\/gallery\/rola-administracji\/thumbs\/thumbs_Konferencja-Rola-administracji-5.jpg\"\n                    width=\"240\"\n                    height=\"160\"\n                    style=\"max-width:100%;\"\n                \/>\n            <\/a>\n        <\/div>\n\t\t\t\t\t\t\t<\/div> \n\t\t\t\n\t\t\t\t<div id=\"ngg-image-6\" class=\"ngg-gallery-thumbnail-box ngg-4-columns\" >\n\t\t\t\t        <div class=\"ngg-gallery-thumbnail\">\n            <a href=\"https:\/\/revitalization.localdevelopment.eu\/wp-content\/gallery\/rola-administracji\/Konferencja-Rola-administracji-8.jpg\"\n               title=\"\"\n               data-src=\"https:\/\/revitalization.localdevelopment.eu\/wp-content\/gallery\/rola-administracji\/Konferencja-Rola-administracji-8.jpg\"\n               data-thumbnail=\"https:\/\/revitalization.localdevelopment.eu\/wp-content\/gallery\/rola-administracji\/thumbs\/thumbs_Konferencja-Rola-administracji-8.jpg\"\n               data-image-id=\"91\"\n               data-title=\"Konferencja-Rola-administracji-8\"\n               data-description=\"\"\n               data-image-slug=\"konferencja-rola-administracji-8\"\n               class=\"ngg-simplelightbox\" rel=\"3a68e9ac9a714a83489d0558926001ad\">\n                <img\n                    title=\"Konferencja-Rola-administracji-8\"\n                    alt=\"Konferencja-Rola-administracji-8\"\n                    src=\"https:\/\/revitalization.localdevelopment.eu\/wp-content\/gallery\/rola-administracji\/thumbs\/thumbs_Konferencja-Rola-administracji-8.jpg\"\n                    width=\"240\"\n                    height=\"160\"\n                    style=\"max-width:100%;\"\n                \/>\n            <\/a>\n        <\/div>\n\t\t\t\t\t\t\t<\/div> \n\t\t\t\n\t\t\t\t<div id=\"ngg-image-7\" class=\"ngg-gallery-thumbnail-box ngg-4-columns\" >\n\t\t\t\t        <div class=\"ngg-gallery-thumbnail\">\n            <a href=\"https:\/\/revitalization.localdevelopment.eu\/wp-content\/gallery\/rola-administracji\/Konferencja-Rola-administracji-7.jpg\"\n               title=\"\"\n               data-src=\"https:\/\/revitalization.localdevelopment.eu\/wp-content\/gallery\/rola-administracji\/Konferencja-Rola-administracji-7.jpg\"\n               data-thumbnail=\"https:\/\/revitalization.localdevelopment.eu\/wp-content\/gallery\/rola-administracji\/thumbs\/thumbs_Konferencja-Rola-administracji-7.jpg\"\n               data-image-id=\"92\"\n               data-title=\"Konferencja-Rola-administracji-7\"\n               data-description=\"\"\n               data-image-slug=\"konferencja-rola-administracji-7\"\n               class=\"ngg-simplelightbox\" rel=\"3a68e9ac9a714a83489d0558926001ad\">\n                <img\n                    title=\"Konferencja-Rola-administracji-7\"\n                    alt=\"Konferencja-Rola-administracji-7\"\n                    src=\"https:\/\/revitalization.localdevelopment.eu\/wp-content\/gallery\/rola-administracji\/thumbs\/thumbs_Konferencja-Rola-administracji-7.jpg\"\n                    width=\"240\"\n                    height=\"160\"\n                    style=\"max-width:100%;\"\n                \/>\n            <\/a>\n        <\/div>\n\t\t\t\t\t\t\t<\/div> \n\t\t\t\n\t\t\t\t<div id=\"ngg-image-8\" class=\"ngg-gallery-thumbnail-box ngg-4-columns\" >\n\t\t\t\t        <div class=\"ngg-gallery-thumbnail\">\n            <a href=\"https:\/\/revitalization.localdevelopment.eu\/wp-content\/gallery\/rola-administracji\/Konferencja-Rola-administracji-9.jpg\"\n               title=\"\"\n               data-src=\"https:\/\/revitalization.localdevelopment.eu\/wp-content\/gallery\/rola-administracji\/Konferencja-Rola-administracji-9.jpg\"\n               data-thumbnail=\"https:\/\/revitalization.localdevelopment.eu\/wp-content\/gallery\/rola-administracji\/thumbs\/thumbs_Konferencja-Rola-administracji-9.jpg\"\n               data-image-id=\"93\"\n               data-title=\"Konferencja-Rola-administracji-9\"\n               data-description=\"\"\n               data-image-slug=\"konferencja-rola-administracji-9\"\n               class=\"ngg-simplelightbox\" rel=\"3a68e9ac9a714a83489d0558926001ad\">\n                <img\n                    title=\"Konferencja-Rola-administracji-9\"\n                    alt=\"Konferencja-Rola-administracji-9\"\n                    src=\"https:\/\/revitalization.localdevelopment.eu\/wp-content\/gallery\/rola-administracji\/thumbs\/thumbs_Konferencja-Rola-administracji-9.jpg\"\n                    width=\"240\"\n                    height=\"160\"\n                    style=\"max-width:100%;\"\n                \/>\n            <\/a>\n        <\/div>\n\t\t\t\t\t\t\t<\/div> \n\t\t\t\n\t\t\t\t<div id=\"ngg-image-9\" class=\"ngg-gallery-thumbnail-box ngg-4-columns\" >\n\t\t\t\t        <div class=\"ngg-gallery-thumbnail\">\n            <a href=\"https:\/\/revitalization.localdevelopment.eu\/wp-content\/gallery\/rola-administracji\/Konferencja-Rola-administracji-11.jpg\"\n               title=\"\"\n               data-src=\"https:\/\/revitalization.localdevelopment.eu\/wp-content\/gallery\/rola-administracji\/Konferencja-Rola-administracji-11.jpg\"\n               data-thumbnail=\"https:\/\/revitalization.localdevelopment.eu\/wp-content\/gallery\/rola-administracji\/thumbs\/thumbs_Konferencja-Rola-administracji-11.jpg\"\n               data-image-id=\"94\"\n               data-title=\"Konferencja-Rola-administracji-11\"\n               data-description=\"\"\n               data-image-slug=\"konferencja-rola-administracji-11\"\n               class=\"ngg-simplelightbox\" rel=\"3a68e9ac9a714a83489d0558926001ad\">\n                <img\n                    title=\"Konferencja-Rola-administracji-11\"\n                    alt=\"Konferencja-Rola-administracji-11\"\n                    src=\"https:\/\/revitalization.localdevelopment.eu\/wp-content\/gallery\/rola-administracji\/thumbs\/thumbs_Konferencja-Rola-administracji-11.jpg\"\n                    width=\"240\"\n                    height=\"160\"\n                    style=\"max-width:100%;\"\n                \/>\n            <\/a>\n        <\/div>\n\t\t\t\t\t\t\t<\/div> \n\t\t\t\n\t\t\t\t<div id=\"ngg-image-10\" class=\"ngg-gallery-thumbnail-box ngg-4-columns\" >\n\t\t\t\t        <div class=\"ngg-gallery-thumbnail\">\n            <a href=\"https:\/\/revitalization.localdevelopment.eu\/wp-content\/gallery\/rola-administracji\/Konferencja-Rola-administracji-10.jpg\"\n               title=\"\"\n               data-src=\"https:\/\/revitalization.localdevelopment.eu\/wp-content\/gallery\/rola-administracji\/Konferencja-Rola-administracji-10.jpg\"\n               data-thumbnail=\"https:\/\/revitalization.localdevelopment.eu\/wp-content\/gallery\/rola-administracji\/thumbs\/thumbs_Konferencja-Rola-administracji-10.jpg\"\n               data-image-id=\"95\"\n               data-title=\"Konferencja-Rola-administracji-10\"\n               data-description=\"\"\n               data-image-slug=\"konferencja-rola-administracji-10\"\n               class=\"ngg-simplelightbox\" rel=\"3a68e9ac9a714a83489d0558926001ad\">\n                <img\n                    title=\"Konferencja-Rola-administracji-10\"\n                    alt=\"Konferencja-Rola-administracji-10\"\n                    src=\"https:\/\/revitalization.localdevelopment.eu\/wp-content\/gallery\/rola-administracji\/thumbs\/thumbs_Konferencja-Rola-administracji-10.jpg\"\n                    width=\"240\"\n                    height=\"160\"\n                    style=\"max-width:100%;\"\n                \/>\n            <\/a>\n        <\/div>\n\t\t\t\t\t\t\t<\/div> \n\t\t\t\n\t\t\t\t<div id=\"ngg-image-11\" class=\"ngg-gallery-thumbnail-box ngg-4-columns\" >\n\t\t\t\t        <div class=\"ngg-gallery-thumbnail\">\n            <a href=\"https:\/\/revitalization.localdevelopment.eu\/wp-content\/gallery\/rola-administracji\/Konferencja-Rola-administracji-12.jpg\"\n               title=\"\"\n               data-src=\"https:\/\/revitalization.localdevelopment.eu\/wp-content\/gallery\/rola-administracji\/Konferencja-Rola-administracji-12.jpg\"\n               data-thumbnail=\"https:\/\/revitalization.localdevelopment.eu\/wp-content\/gallery\/rola-administracji\/thumbs\/thumbs_Konferencja-Rola-administracji-12.jpg\"\n               data-image-id=\"96\"\n               data-title=\"Konferencja-Rola-administracji-12\"\n               data-description=\"\"\n               data-image-slug=\"konferencja-rola-administracji-12\"\n               class=\"ngg-simplelightbox\" rel=\"3a68e9ac9a714a83489d0558926001ad\">\n                <img\n                    title=\"Konferencja-Rola-administracji-12\"\n                    alt=\"Konferencja-Rola-administracji-12\"\n                    src=\"https:\/\/revitalization.localdevelopment.eu\/wp-content\/gallery\/rola-administracji\/thumbs\/thumbs_Konferencja-Rola-administracji-12.jpg\"\n                    width=\"240\"\n                    height=\"160\"\n                    style=\"max-width:100%;\"\n                \/>\n            <\/a>\n        <\/div>\n\t\t\t\t\t\t\t<\/div> \n\t\t\t\n\t\t\t\t<div id=\"ngg-image-12\" class=\"ngg-gallery-thumbnail-box ngg-4-columns\" >\n\t\t\t\t        <div class=\"ngg-gallery-thumbnail\">\n            <a href=\"https:\/\/revitalization.localdevelopment.eu\/wp-content\/gallery\/rola-administracji\/Konferencja-Rola-administracji-13.jpg\"\n               title=\"\"\n               data-src=\"https:\/\/revitalization.localdevelopment.eu\/wp-content\/gallery\/rola-administracji\/Konferencja-Rola-administracji-13.jpg\"\n               data-thumbnail=\"https:\/\/revitalization.localdevelopment.eu\/wp-content\/gallery\/rola-administracji\/thumbs\/thumbs_Konferencja-Rola-administracji-13.jpg\"\n               data-image-id=\"97\"\n               data-title=\"Konferencja-Rola-administracji-13\"\n               data-description=\"\"\n               data-image-slug=\"konferencja-rola-administracji-13\"\n               class=\"ngg-simplelightbox\" rel=\"3a68e9ac9a714a83489d0558926001ad\">\n                <img\n                    title=\"Konferencja-Rola-administracji-13\"\n                    alt=\"Konferencja-Rola-administracji-13\"\n                    src=\"https:\/\/revitalization.localdevelopment.eu\/wp-content\/gallery\/rola-administracji\/thumbs\/thumbs_Konferencja-Rola-administracji-13.jpg\"\n                    width=\"240\"\n                    height=\"160\"\n                    style=\"max-width:100%;\"\n                \/>\n            <\/a>\n        <\/div>\n\t\t\t\t\t\t\t<\/div> \n\t\t\t\n\t\t\t\t<div id=\"ngg-image-13\" class=\"ngg-gallery-thumbnail-box ngg-4-columns\" >\n\t\t\t\t        <div class=\"ngg-gallery-thumbnail\">\n            <a href=\"https:\/\/revitalization.localdevelopment.eu\/wp-content\/gallery\/rola-administracji\/Konferencja-Rola-administracji-14.jpg\"\n               title=\"\"\n               data-src=\"https:\/\/revitalization.localdevelopment.eu\/wp-content\/gallery\/rola-administracji\/Konferencja-Rola-administracji-14.jpg\"\n               data-thumbnail=\"https:\/\/revitalization.localdevelopment.eu\/wp-content\/gallery\/rola-administracji\/thumbs\/thumbs_Konferencja-Rola-administracji-14.jpg\"\n               data-image-id=\"98\"\n               data-title=\"Konferencja-Rola-administracji-14\"\n               data-description=\"\"\n               data-image-slug=\"konferencja-rola-administracji-14\"\n               class=\"ngg-simplelightbox\" rel=\"3a68e9ac9a714a83489d0558926001ad\">\n                <img\n                    title=\"Konferencja-Rola-administracji-14\"\n                    alt=\"Konferencja-Rola-administracji-14\"\n                    src=\"https:\/\/revitalization.localdevelopment.eu\/wp-content\/gallery\/rola-administracji\/thumbs\/thumbs_Konferencja-Rola-administracji-14.jpg\"\n                    width=\"240\"\n                    height=\"160\"\n                    style=\"max-width:100%;\"\n                \/>\n            <\/a>\n        <\/div>\n\t\t\t\t\t\t\t<\/div> \n\t\t\t\n\t\t\t\t<div id=\"ngg-image-14\" class=\"ngg-gallery-thumbnail-box ngg-4-columns\" >\n\t\t\t\t        <div class=\"ngg-gallery-thumbnail\">\n            <a href=\"https:\/\/revitalization.localdevelopment.eu\/wp-content\/gallery\/rola-administracji\/Konferencja-Rola-administracji-15.jpg\"\n               title=\"\"\n               data-src=\"https:\/\/revitalization.localdevelopment.eu\/wp-content\/gallery\/rola-administracji\/Konferencja-Rola-administracji-15.jpg\"\n               data-thumbnail=\"https:\/\/revitalization.localdevelopment.eu\/wp-content\/gallery\/rola-administracji\/thumbs\/thumbs_Konferencja-Rola-administracji-15.jpg\"\n               data-image-id=\"99\"\n               data-title=\"Konferencja-Rola-administracji-15\"\n               data-description=\"\"\n               data-image-slug=\"konferencja-rola-administracji-15\"\n               class=\"ngg-simplelightbox\" rel=\"3a68e9ac9a714a83489d0558926001ad\">\n                <img\n                    title=\"Konferencja-Rola-administracji-15\"\n                    alt=\"Konferencja-Rola-administracji-15\"\n                    src=\"https:\/\/revitalization.localdevelopment.eu\/wp-content\/gallery\/rola-administracji\/thumbs\/thumbs_Konferencja-Rola-administracji-15.jpg\"\n                    width=\"240\"\n                    height=\"160\"\n                    style=\"max-width:100%;\"\n                \/>\n            <\/a>\n        <\/div>\n\t\t\t\t\t\t\t<\/div> \n\t\t\t\n\t\n\t<br style=\"clear: both\" \/>\n\n\t\n\t\t<!-- Pagination -->\n\t<div class='ngg-clear'><\/div>\t<\/div>\n\n","protected":false},"excerpt":{"rendered":"<p>W dniu 16 grudnia 2022 roku odby\u0142a si\u0119 mi\u0119dzynarodowa konferencja naukowo-praktyczna pt. \u201eRola administracji publicznej w zarz\u0105dzaniu rewitalizacj\u0105 miast. Do\u015bwiadczenia Polski i Mo\u0142dawii\u201d. Patronatem honorowym [&hellip;]<\/p>\n","protected":false},"author":1,"featured_media":1163,"comment_status":"closed","ping_status":"open","sticky":false,"template":"","format":"standard","meta":{"ngg_post_thumbnail":0,"footnotes":""},"categories":[45,107],"tags":[],"class_list":["post-1145","post","type-post","status-publish","format-standard","has-post-thumbnail","hentry","category-aktualnosci","category-konferencja"],"_links":{"self":[{"href":"https:\/\/revitalization.localdevelopment.eu\/index.php?rest_route=\/wp\/v2\/posts\/1145","targetHints":{"allow":["GET"]}}],"collection":[{"href":"https:\/\/revitalization.localdevelopment.eu\/index.php?rest_route=\/wp\/v2\/posts"}],"about":[{"href":"https:\/\/revitalization.localdevelopment.eu\/index.php?rest_route=\/wp\/v2\/types\/post"}],"author":[{"embeddable":true,"href":"https:\/\/revitalization.localdevelopment.eu\/index.php?rest_route=\/wp\/v2\/users\/1"}],"replies":[{"embeddable":true,"href":"https:\/\/revitalization.localdevelopment.eu\/index.php?rest_route=%2Fwp%2Fv2%2Fcomments&post=1145"}],"version-history":[{"count":3,"href":"https:\/\/revitalization.localdevelopment.eu\/index.php?rest_route=\/wp\/v2\/posts\/1145\/revisions"}],"predecessor-version":[{"id":1247,"href":"https:\/\/revitalization.localdevelopment.eu\/index.php?rest_route=\/wp\/v2\/posts\/1145\/revisions\/1247"}],"wp:featuredmedia":[{"embeddable":true,"href":"https:\/\/revitalization.localdevelopment.eu\/index.php?rest_route=\/wp\/v2\/media\/1163"}],"wp:attachment":[{"href":"https:\/\/revitalization.localdevelopment.eu\/index.php?rest_route=%2Fwp%2Fv2%2Fmedia&parent=1145"}],"wp:term":[{"taxonomy":"category","embeddable":true,"href":"https:\/\/revitalization.localdevelopment.eu\/index.php?rest_route=%2Fwp%2Fv2%2Fcategories&post=1145"},{"taxonomy":"post_tag","embeddable":true,"href":"https:\/\/revitalization.localdevelopment.eu\/index.php?rest_route=%2Fwp%2Fv2%2Ftags&post=1145"}],"curies":[{"name":"wp","href":"https:\/\/api.w.org\/{rel}","templated":true}]}}